{"id":33722,"date":"2024-03-20T11:05:06","date_gmt":"2024-03-20T10:05:06","guid":{"rendered":"https:\/\/grillette.ch\/offene-weinkeller-am-25-26-27-april-2024\/"},"modified":"2024-03-20T11:05:06","modified_gmt":"2024-03-20T10:05:06","slug":"offene-weinkeller-am-25-26-27-april-2024","status":"publish","type":"post","link":"https:\/\/grillette.ch\/de\/offene-weinkeller-am-25-26-27-april-2024\/","title":{"rendered":"Offene Weinkeller am 25., 26. &#038; 27. April 2024"},"content":{"rendered":"<p>In einer entspannten und fr\u00fchlingshaften Atmosph\u00e4re k\u00f6nnen Sie bei unserer neuen Ausgabe der offenen Weinkeller alle unsere Weine degustieren. Entdecken Sie unsere neuen Jahrg\u00e4nge und letzten Neuheiten.<\/p>\n<p>&nbsp;<\/p>\n<p>&nbsp;<\/p>\n<p><em>Auch unsere Winzerkollegen aus Cressier werden mitfeiern! So haben Sie die Gelegenheit, die verschiedenen Weinkeller mit diversen Unterhaltungsprogrammen zu entdecken, die in jedem der Weinkeller des Dorfes vorgesehen sind.<\/em><\/p>\n<p>&nbsp;<\/p>\n<p>&nbsp;<\/p>\n<p><strong>Das Programm bei uns:<\/strong><\/p>\n<p>Donnerstag &amp; Freitag, 17.00 bis 20.00 Uhr: &#8222;Afterwork&#8220;-Atmosph\u00e4re, Weine &amp; lokale Produkte<\/p>\n<p>Samstag, 10.00 bis 17.00 Uhr: Famili\u00e4re Atmosph\u00e4re<\/p>\n<p>&nbsp;<\/p>\n<p>&nbsp;<\/p>\n<p>Unterhaltungsprogramm, Wettbewerbe, Nanny f\u00fcr die Kinder w\u00e4hrend des gesamten Wochenendes.<\/p>\n<p>Kleine Snacks &amp; Verkostungen von lokalen Produkten vor Ort.<\/p>\n<p><em>Rabatt von -10% ab einem Einkauf von CHF 300.00.<\/em><\/p>\n<p>&nbsp;<\/p>\n<p>&nbsp;<\/p>\n<p><strong>Unsere anwesenden Partner:<\/strong><\/p>\n<ul>\n<li>Sterchi &#8211; la Maison du fromage<\/li>\n<li>Les Fr\u00e8res Alcala<\/li>\n<li>L&#8217;Absinthe Larus\u00e9e<\/li>\n<li>Dolce Pasticcio biscuiterie<\/li>\n<li>Les Laboratoires culinaires<\/li>\n<li>Boulangerie Conrad<\/li>\n<\/ul>\n<p>&nbsp;<\/p>\n<p>&nbsp;<\/p>\n<p>Wir freuen uns, Sie begr\u00fc\u00dfen zu d\u00fcrfen!\u00a0 Mit freundlichen Gr\u00fc\u00dfen, das Team Grillette &amp; Grisoni<\/p>\n<p>Rue Molondin 2, 2088 Cressier &#8211; 032 758 85 29 &#8211; <a href=\"mailto:info@grillette.ch\">info@grillette.ch<\/a> &#8211; <a href=\"mailto:info@grisoni-vins.ch\">info@grisoni-vins.ch<\/a><\/p>\n","protected":false},"excerpt":{"rendered":"<p>In einer entspannten und fr\u00fchlingshaften Atmosph\u00e4re k\u00f6nnen Sie bei unserer neuen Ausgabe der offenen Weinkeller alle unsere Weine degustieren. Entdecken Sie unsere neuen Jahrg\u00e4nge und letzten Neuheiten. &nbsp; &nbsp; Auch unsere Winzerkollegen aus Cressier werden mitfeiern! So haben Sie die Gelegenheit, die verschiedenen Weinkeller mit diversen Unterhaltungsprogrammen zu entdecken, die in jedem der Weinkeller des [&hellip;]<\/p>\n","protected":false},"author":1,"featured_media":0,"comment_status":"open","ping_status":"open","sticky":false,"template":"","format":"standard","meta":{"_jetpack_memberships_contains_paid_content":false,"footnotes":""},"categories":[107],"tags":[],"class_list":["post-33722","post","type-post","status-publish","format-standard","hentry","category-veranstaltung"],"yoast_head":"<!-- This site is optimized with the Yoast SEO plugin v24.3 - https:\/\/yoast.com\/wordpress\/plugins\/seo\/ -->\n<title>Offene Weinkeller am 25., 26. &amp; 27. April 2024 - Grillette Domaine De Cressier<\/title>\n<meta name=\"description\" content=\"Invitation \u00e0 nos Caves ouvertes de printemps les 25, 26 &amp; 27 avril 2024. Venez d\u00e9guster nos vins, produits et derniers mill\u00e9simes. Nous vous ouvrons nos portes le temps d&#039;un week-end.\" \/>\n<meta name=\"robots\" content=\"index, follow, max-snippet:-1, max-image-preview:large, max-video-preview:-1\" \/>\n<link rel=\"canonical\" href=\"https:\/\/grillette.ch\/caves-ouvertes-de-printemps-les-25-26-27-avril-2024\/\" \/>\n<meta property=\"og:locale\" content=\"de_DE\" \/>\n<meta property=\"og:type\" content=\"article\" \/>\n<meta property=\"og:title\" content=\"Offene Weinkeller am 25., 26. &amp; 27. April 2024 - Grillette Domaine De Cressier\" \/>\n<meta property=\"og:description\" content=\"Invitation \u00e0 nos Caves ouvertes de printemps les 25, 26 &amp; 27 avril 2024. Venez d\u00e9guster nos vins, produits et derniers mill\u00e9simes. Nous vous ouvrons nos portes le temps d&#039;un week-end.\" \/>\n<meta property=\"og:url\" content=\"https:\/\/grillette.ch\/caves-ouvertes-de-printemps-les-25-26-27-avril-2024\/\" \/>\n<meta property=\"og:site_name\" content=\"Grillette Domaine De Cressier\" \/>\n<meta property=\"article:published_time\" content=\"2024-03-20T10:05:06+00:00\" \/>\n<meta name=\"author\" content=\"Risse Marilyn\" \/>\n<meta name=\"twitter:card\" content=\"summary_large_image\" \/>\n<meta name=\"twitter:label1\" content=\"Verfasst von\" \/>\n\t<meta name=\"twitter:data1\" content=\"Risse Marilyn\" \/>\n\t<meta name=\"twitter:label2\" content=\"Gesch\u00e4tzte Lesezeit\" \/>\n\t<meta name=\"twitter:data2\" content=\"1\u00a0Minute\" \/>\n<script type=\"application\/ld+json\" class=\"yoast-schema-graph\">{\"@context\":\"https:\/\/schema.org\",\"@graph\":[{\"@type\":\"Article\",\"@id\":\"https:\/\/grillette.ch\/caves-ouvertes-de-printemps-les-25-26-27-avril-2024\/#article\",\"isPartOf\":{\"@id\":\"https:\/\/grillette.ch\/caves-ouvertes-de-printemps-les-25-26-27-avril-2024\/\"},\"author\":{\"name\":\"Risse Marilyn\",\"@id\":\"https:\/\/grillette.ch\/#\/schema\/person\/b284810a7caf29fcbe6c7b6370997c5d\"},\"headline\":\"Offene Weinkeller am 25., 26. &#038; 27. April 2024\",\"datePublished\":\"2024-03-20T10:05:06+00:00\",\"dateModified\":\"2024-03-20T10:05:06+00:00\",\"mainEntityOfPage\":{\"@id\":\"https:\/\/grillette.ch\/caves-ouvertes-de-printemps-les-25-26-27-avril-2024\/\"},\"wordCount\":180,\"commentCount\":0,\"publisher\":{\"@id\":\"https:\/\/grillette.ch\/#organization\"},\"articleSection\":[\"Veranstaltung\"],\"inLanguage\":\"de\",\"potentialAction\":[{\"@type\":\"CommentAction\",\"name\":\"Comment\",\"target\":[\"https:\/\/grillette.ch\/caves-ouvertes-de-printemps-les-25-26-27-avril-2024\/#respond\"]}]},{\"@type\":\"WebPage\",\"@id\":\"https:\/\/grillette.ch\/caves-ouvertes-de-printemps-les-25-26-27-avril-2024\/\",\"url\":\"https:\/\/grillette.ch\/caves-ouvertes-de-printemps-les-25-26-27-avril-2024\/\",\"name\":\"Offene Weinkeller am 25., 26. & 27. April 2024 - Grillette Domaine De Cressier\",\"isPartOf\":{\"@id\":\"https:\/\/grillette.ch\/#website\"},\"datePublished\":\"2024-03-20T10:05:06+00:00\",\"dateModified\":\"2024-03-20T10:05:06+00:00\",\"description\":\"Invitation \u00e0 nos Caves ouvertes de printemps les 25, 26 & 27 avril 2024. Venez d\u00e9guster nos vins, produits et derniers mill\u00e9simes. Nous vous ouvrons nos portes le temps d'un week-end.\",\"breadcrumb\":{\"@id\":\"https:\/\/grillette.ch\/caves-ouvertes-de-printemps-les-25-26-27-avril-2024\/#breadcrumb\"},\"inLanguage\":\"de\",\"potentialAction\":[{\"@type\":\"ReadAction\",\"target\":[\"https:\/\/grillette.ch\/caves-ouvertes-de-printemps-les-25-26-27-avril-2024\/\"]}]},{\"@type\":\"BreadcrumbList\",\"@id\":\"https:\/\/grillette.ch\/caves-ouvertes-de-printemps-les-25-26-27-avril-2024\/#breadcrumb\",\"itemListElement\":[{\"@type\":\"ListItem\",\"position\":1,\"name\":\"Accueil\",\"item\":\"https:\/\/grillette.ch\/de\/startseite\/\"},{\"@type\":\"ListItem\",\"position\":2,\"name\":\"Offene Weinkeller am 25., 26. &#038; 27. April 2024\"}]},{\"@type\":\"WebSite\",\"@id\":\"https:\/\/grillette.ch\/#website\",\"url\":\"https:\/\/grillette.ch\/\",\"name\":\"Grillette Domaine De Cressier\",\"description\":\"Les horlogers du vin\",\"publisher\":{\"@id\":\"https:\/\/grillette.ch\/#organization\"},\"potentialAction\":[{\"@type\":\"SearchAction\",\"target\":{\"@type\":\"EntryPoint\",\"urlTemplate\":\"https:\/\/grillette.ch\/?s={search_term_string}\"},\"query-input\":{\"@type\":\"PropertyValueSpecification\",\"valueRequired\":true,\"valueName\":\"search_term_string\"}}],\"inLanguage\":\"de\"},{\"@type\":\"Organization\",\"@id\":\"https:\/\/grillette.ch\/#organization\",\"name\":\"Grillette Domaine De Cressier\",\"url\":\"https:\/\/grillette.ch\/\",\"logo\":{\"@type\":\"ImageObject\",\"inLanguage\":\"de\",\"@id\":\"https:\/\/grillette.ch\/#\/schema\/logo\/image\/\",\"url\":\"https:\/\/grillette.ch\/wp-content\/uploads\/2020\/02\/cropped-Grillette-Horlogers-positif_R-2.jpg\",\"contentUrl\":\"https:\/\/grillette.ch\/wp-content\/uploads\/2020\/02\/cropped-Grillette-Horlogers-positif_R-2.jpg\",\"width\":1325,\"height\":415,\"caption\":\"Grillette Domaine De Cressier\"},\"image\":{\"@id\":\"https:\/\/grillette.ch\/#\/schema\/logo\/image\/\"},\"sameAs\":[\"https:\/\/www.instagram.com\/lagrillette\"]},{\"@type\":\"Person\",\"@id\":\"https:\/\/grillette.ch\/#\/schema\/person\/b284810a7caf29fcbe6c7b6370997c5d\",\"name\":\"Risse Marilyn\",\"image\":{\"@type\":\"ImageObject\",\"inLanguage\":\"de\",\"@id\":\"https:\/\/grillette.ch\/#\/schema\/person\/image\/\",\"url\":\"https:\/\/secure.gravatar.com\/avatar\/b51462810ea8c5e07cb5d4840e8cfdaa?s=96&d=mm&r=g\",\"contentUrl\":\"https:\/\/secure.gravatar.com\/avatar\/b51462810ea8c5e07cb5d4840e8cfdaa?s=96&d=mm&r=g\",\"caption\":\"Risse Marilyn\"},\"url\":\"https:\/\/grillette.ch\/de\/author\/infogrillette-ch\/\"}]}<\/script>\n<!-- \/ Yoast SEO plugin. -->","yoast_head_json":{"title":"Offene Weinkeller am 25., 26. & 27. April 2024 - Grillette Domaine De Cressier","description":"Invitation \u00e0 nos Caves ouvertes de printemps les 25, 26 & 27 avril 2024. Venez d\u00e9guster nos vins, produits et derniers mill\u00e9simes. Nous vous ouvrons nos portes le temps d'un week-end.","robots":{"index":"index","follow":"follow","max-snippet":"max-snippet:-1","max-image-preview":"max-image-preview:large","max-video-preview":"max-video-preview:-1"},"canonical":"https:\/\/grillette.ch\/caves-ouvertes-de-printemps-les-25-26-27-avril-2024\/","og_locale":"de_DE","og_type":"article","og_title":"Offene Weinkeller am 25., 26. & 27. April 2024 - Grillette Domaine De Cressier","og_description":"Invitation \u00e0 nos Caves ouvertes de printemps les 25, 26 & 27 avril 2024. Venez d\u00e9guster nos vins, produits et derniers mill\u00e9simes. Nous vous ouvrons nos portes le temps d'un week-end.","og_url":"https:\/\/grillette.ch\/caves-ouvertes-de-printemps-les-25-26-27-avril-2024\/","og_site_name":"Grillette Domaine De Cressier","article_published_time":"2024-03-20T10:05:06+00:00","author":"Risse Marilyn","twitter_card":"summary_large_image","twitter_misc":{"Verfasst von":"Risse Marilyn","Gesch\u00e4tzte Lesezeit":"1\u00a0Minute"},"schema":{"@context":"https:\/\/schema.org","@graph":[{"@type":"Article","@id":"https:\/\/grillette.ch\/caves-ouvertes-de-printemps-les-25-26-27-avril-2024\/#article","isPartOf":{"@id":"https:\/\/grillette.ch\/caves-ouvertes-de-printemps-les-25-26-27-avril-2024\/"},"author":{"name":"Risse Marilyn","@id":"https:\/\/grillette.ch\/#\/schema\/person\/b284810a7caf29fcbe6c7b6370997c5d"},"headline":"Offene Weinkeller am 25., 26. &#038; 27. April 2024","datePublished":"2024-03-20T10:05:06+00:00","dateModified":"2024-03-20T10:05:06+00:00","mainEntityOfPage":{"@id":"https:\/\/grillette.ch\/caves-ouvertes-de-printemps-les-25-26-27-avril-2024\/"},"wordCount":180,"commentCount":0,"publisher":{"@id":"https:\/\/grillette.ch\/#organization"},"articleSection":["Veranstaltung"],"inLanguage":"de","potentialAction":[{"@type":"CommentAction","name":"Comment","target":["https:\/\/grillette.ch\/caves-ouvertes-de-printemps-les-25-26-27-avril-2024\/#respond"]}]},{"@type":"WebPage","@id":"https:\/\/grillette.ch\/caves-ouvertes-de-printemps-les-25-26-27-avril-2024\/","url":"https:\/\/grillette.ch\/caves-ouvertes-de-printemps-les-25-26-27-avril-2024\/","name":"Offene Weinkeller am 25., 26. & 27. April 2024 - Grillette Domaine De Cressier","isPartOf":{"@id":"https:\/\/grillette.ch\/#website"},"datePublished":"2024-03-20T10:05:06+00:00","dateModified":"2024-03-20T10:05:06+00:00","description":"Invitation \u00e0 nos Caves ouvertes de printemps les 25, 26 & 27 avril 2024. Venez d\u00e9guster nos vins, produits et derniers mill\u00e9simes. Nous vous ouvrons nos portes le temps d'un week-end.","breadcrumb":{"@id":"https:\/\/grillette.ch\/caves-ouvertes-de-printemps-les-25-26-27-avril-2024\/#breadcrumb"},"inLanguage":"de","potentialAction":[{"@type":"ReadAction","target":["https:\/\/grillette.ch\/caves-ouvertes-de-printemps-les-25-26-27-avril-2024\/"]}]},{"@type":"BreadcrumbList","@id":"https:\/\/grillette.ch\/caves-ouvertes-de-printemps-les-25-26-27-avril-2024\/#breadcrumb","itemListElement":[{"@type":"ListItem","position":1,"name":"Accueil","item":"https:\/\/grillette.ch\/de\/startseite\/"},{"@type":"ListItem","position":2,"name":"Offene Weinkeller am 25., 26. &#038; 27. April 2024"}]},{"@type":"WebSite","@id":"https:\/\/grillette.ch\/#website","url":"https:\/\/grillette.ch\/","name":"Grillette Domaine De Cressier","description":"Les horlogers du vin","publisher":{"@id":"https:\/\/grillette.ch\/#organization"},"potentialAction":[{"@type":"SearchAction","target":{"@type":"EntryPoint","urlTemplate":"https:\/\/grillette.ch\/?s={search_term_string}"},"query-input":{"@type":"PropertyValueSpecification","valueRequired":true,"valueName":"search_term_string"}}],"inLanguage":"de"},{"@type":"Organization","@id":"https:\/\/grillette.ch\/#organization","name":"Grillette Domaine De Cressier","url":"https:\/\/grillette.ch\/","logo":{"@type":"ImageObject","inLanguage":"de","@id":"https:\/\/grillette.ch\/#\/schema\/logo\/image\/","url":"https:\/\/grillette.ch\/wp-content\/uploads\/2020\/02\/cropped-Grillette-Horlogers-positif_R-2.jpg","contentUrl":"https:\/\/grillette.ch\/wp-content\/uploads\/2020\/02\/cropped-Grillette-Horlogers-positif_R-2.jpg","width":1325,"height":415,"caption":"Grillette Domaine De Cressier"},"image":{"@id":"https:\/\/grillette.ch\/#\/schema\/logo\/image\/"},"sameAs":["https:\/\/www.instagram.com\/lagrillette"]},{"@type":"Person","@id":"https:\/\/grillette.ch\/#\/schema\/person\/b284810a7caf29fcbe6c7b6370997c5d","name":"Risse Marilyn","image":{"@type":"ImageObject","inLanguage":"de","@id":"https:\/\/grillette.ch\/#\/schema\/person\/image\/","url":"https:\/\/secure.gravatar.com\/avatar\/b51462810ea8c5e07cb5d4840e8cfdaa?s=96&d=mm&r=g","contentUrl":"https:\/\/secure.gravatar.com\/avatar\/b51462810ea8c5e07cb5d4840e8cfdaa?s=96&d=mm&r=g","caption":"Risse Marilyn"},"url":"https:\/\/grillette.ch\/de\/author\/infogrillette-ch\/"}]}},"jetpack_sharing_enabled":true,"jetpack_featured_media_url":"","_links":{"self":[{"href":"https:\/\/grillette.ch\/de\/wp-json\/wp\/v2\/posts\/33722"}],"collection":[{"href":"https:\/\/grillette.ch\/de\/wp-json\/wp\/v2\/posts"}],"about":[{"href":"https:\/\/grillette.ch\/de\/wp-json\/wp\/v2\/types\/post"}],"author":[{"embeddable":true,"href":"https:\/\/grillette.ch\/de\/wp-json\/wp\/v2\/users\/1"}],"replies":[{"embeddable":true,"href":"https:\/\/grillette.ch\/de\/wp-json\/wp\/v2\/comments?post=33722"}],"version-history":[{"count":0,"href":"https:\/\/grillette.ch\/de\/wp-json\/wp\/v2\/posts\/33722\/revisions"}],"wp:attachment":[{"href":"https:\/\/grillette.ch\/de\/wp-json\/wp\/v2\/media?parent=33722"}],"wp:term":[{"taxonomy":"category","embeddable":true,"href":"https:\/\/grillette.ch\/de\/wp-json\/wp\/v2\/categories?post=33722"},{"taxonomy":"post_tag","embeddable":true,"href":"https:\/\/grillette.ch\/de\/wp-json\/wp\/v2\/tags?post=33722"}],"curies":[{"name":"wp","href":"https:\/\/api.w.org\/{rel}","templated":true}]}}