{"id":34320,"date":"2025-06-03T09:16:56","date_gmt":"2025-06-03T07:16:56","guid":{"rendered":"https:\/\/grillette.ch\/unser-malbec-vernissage-2022-erhaelt-top-bewertung-im-vinum-magazin\/"},"modified":"2025-06-03T09:16:56","modified_gmt":"2025-06-03T07:16:56","slug":"unser-malbec-vernissage-2022-erhaelt-top-bewertung-im-vinum-magazin","status":"publish","type":"post","link":"https:\/\/grillette.ch\/de\/unser-malbec-vernissage-2022-erhaelt-top-bewertung-im-vinum-magazin\/","title":{"rendered":"Unser Malbec Vernissage 2022 erh\u00e4lt Top-Bewertung im VINUM-Magazin"},"content":{"rendered":"<p data-start=\"64\" data-end=\"134\"><strong data-start=\"64\" data-end=\"134\">Unser Malbec Vernissage 2022 erh\u00e4lt Top-Bewertung im VINUM-Magazin<\/strong><\/p>\n<p data-start=\"136\" data-end=\"498\">Wir freuen uns, gro\u00dfartige Neuigkeiten mit Ihnen zu teilen: Bei der j\u00fcngsten Verkostung des Magazins <strong data-start=\"237\" data-end=\"246\">VINUM<\/strong>, die den <strong data-start=\"256\" data-end=\"284\">seltenen roten Rebsorten<\/strong> gewidmet war, wurde unser <strong data-start=\"311\" data-end=\"337\">Malbec Vernissage 2022<\/strong> mit einem <strong data-start=\"348\" data-end=\"371\">sehr guten Ergebnis<\/strong> ausgezeichnet. Eine sch\u00f6ne Anerkennung f\u00fcr einen Rebsortenwein, der in unseren Breitengraden noch eher selten anzutreffen ist.<\/p>\n<p data-start=\"500\" data-end=\"808\">Die VINUM-Jury, bestehend aus anerkannten Fachleuten der Weinwelt, lobte den <strong data-start=\"577\" data-end=\"621\">ausdrucksstarken und eleganten Charakter<\/strong> unseres Malbec. Besonders hervorgehoben wurden seine <strong data-start=\"675\" data-end=\"694\">sch\u00f6ne Struktur<\/strong>, die <strong data-start=\"700\" data-end=\"725\">geschmeidigen Tannine<\/strong> und die <strong data-start=\"734\" data-end=\"767\">tiefen Aromen dunkler Fr\u00fcchte<\/strong>, fein untermalt von einer w\u00fcrzigen Note.<\/p>\n<p data-start=\"810\" data-end=\"1023\">Diese Platzierung unter den besten Malbecs der Verkostung best\u00e4tigt unser Engagement f\u00fcr <strong data-start=\"899\" data-end=\"920\">seltene Rebsorten<\/strong> und eine <strong data-start=\"930\" data-end=\"980\">charakterstarke, terroirbezogene Weinbereitung<\/strong>, die auf Qualit\u00e4t und Authentizit\u00e4t setzt.<\/p>\n<p data-start=\"1025\" data-end=\"1217\">Wir danken dem VINUM-Team herzlich f\u00fcr diese Auszeichnung und laden Sie ein, unseren Malbec Vernissage 2022 (neu) zu entdecken \u2013 ein eigenst\u00e4ndiger Wein, der unser ganzes K\u00f6nnen widerspiegelt.<\/p>\n","protected":false},"excerpt":{"rendered":"<p>Unser Malbec Vernissage 2022 erh\u00e4lt Top-Bewertung im VINUM-Magazin Wir freuen uns, gro\u00dfartige Neuigkeiten mit Ihnen zu teilen: Bei der j\u00fcngsten Verkostung des Magazins VINUM, die den seltenen roten Rebsorten gewidmet war, wurde unser Malbec Vernissage 2022 mit einem sehr guten Ergebnis ausgezeichnet. Eine sch\u00f6ne Anerkennung f\u00fcr einen Rebsortenwein, der in unseren Breitengraden noch eher selten [&hellip;]<\/p>\n","protected":false},"author":1,"featured_media":0,"comment_status":"closed","ping_status":"closed","sticky":false,"template":"","format":"standard","meta":{"_jetpack_memberships_contains_paid_content":false,"footnotes":""},"categories":[34,106],"tags":[],"class_list":["post-34320","post","type-post","status-publish","format-standard","hentry","category-die-neuesten-nachrichten-aus-dem-domaine","category-presse"],"yoast_head":"<!-- This site is optimized with the Yoast SEO plugin v24.3 - https:\/\/yoast.com\/wordpress\/plugins\/seo\/ -->\n<title>Unser Malbec Vernissage 2022 erh\u00e4lt Top-Bewertung im VINUM-Magazin - Grillette Domaine De Cressier<\/title>\n<meta name=\"description\" content=\"D\u00e9gustation de notre Malbec Vernissage dans les c\u00e9pages rouges rares dans la derni\u00e8re \u00e9dition du magazine Vinum.\" \/>\n<meta name=\"robots\" content=\"index, follow, max-snippet:-1, max-image-preview:large, max-video-preview:-1\" \/>\n<link rel=\"canonical\" href=\"https:\/\/grillette.ch\/degustation-vinum-cepages-rouges-rares-malbec-vernissage-2022\/\" \/>\n<meta property=\"og:locale\" content=\"de_DE\" \/>\n<meta property=\"og:type\" content=\"article\" \/>\n<meta property=\"og:title\" content=\"Unser Malbec Vernissage 2022 erh\u00e4lt Top-Bewertung im VINUM-Magazin - Grillette Domaine De Cressier\" \/>\n<meta property=\"og:description\" content=\"D\u00e9gustation de notre Malbec Vernissage dans les c\u00e9pages rouges rares dans la derni\u00e8re \u00e9dition du magazine Vinum.\" \/>\n<meta property=\"og:url\" content=\"https:\/\/grillette.ch\/degustation-vinum-cepages-rouges-rares-malbec-vernissage-2022\/\" \/>\n<meta property=\"og:site_name\" content=\"Grillette Domaine De Cressier\" \/>\n<meta property=\"article:published_time\" content=\"2025-06-03T07:16:56+00:00\" \/>\n<meta name=\"author\" content=\"Risse Marilyn\" \/>\n<meta name=\"twitter:card\" content=\"summary_large_image\" \/>\n<meta name=\"twitter:label1\" content=\"Verfasst von\" \/>\n\t<meta name=\"twitter:data1\" content=\"Risse Marilyn\" \/>\n\t<meta name=\"twitter:label2\" content=\"Gesch\u00e4tzte Lesezeit\" \/>\n\t<meta name=\"twitter:data2\" content=\"1\u00a0Minute\" \/>\n<script type=\"application\/ld+json\" class=\"yoast-schema-graph\">{\"@context\":\"https:\/\/schema.org\",\"@graph\":[{\"@type\":\"Article\",\"@id\":\"https:\/\/grillette.ch\/degustation-vinum-cepages-rouges-rares-malbec-vernissage-2022\/#article\",\"isPartOf\":{\"@id\":\"https:\/\/grillette.ch\/degustation-vinum-cepages-rouges-rares-malbec-vernissage-2022\/\"},\"author\":{\"name\":\"Risse Marilyn\",\"@id\":\"https:\/\/grillette.ch\/#\/schema\/person\/b284810a7caf29fcbe6c7b6370997c5d\"},\"headline\":\"Unser Malbec Vernissage 2022 erh\u00e4lt Top-Bewertung im VINUM-Magazin\",\"datePublished\":\"2025-06-03T07:16:56+00:00\",\"dateModified\":\"2025-06-03T07:16:56+00:00\",\"mainEntityOfPage\":{\"@id\":\"https:\/\/grillette.ch\/degustation-vinum-cepages-rouges-rares-malbec-vernissage-2022\/\"},\"wordCount\":166,\"publisher\":{\"@id\":\"https:\/\/grillette.ch\/#organization\"},\"articleSection\":[\"Die neuesten Nachrichten aus dem Domaine.\",\"Presse\"],\"inLanguage\":\"de\"},{\"@type\":\"WebPage\",\"@id\":\"https:\/\/grillette.ch\/degustation-vinum-cepages-rouges-rares-malbec-vernissage-2022\/\",\"url\":\"https:\/\/grillette.ch\/degustation-vinum-cepages-rouges-rares-malbec-vernissage-2022\/\",\"name\":\"Unser Malbec Vernissage 2022 erh\u00e4lt Top-Bewertung im VINUM-Magazin - Grillette Domaine De Cressier\",\"isPartOf\":{\"@id\":\"https:\/\/grillette.ch\/#website\"},\"datePublished\":\"2025-06-03T07:16:56+00:00\",\"dateModified\":\"2025-06-03T07:16:56+00:00\",\"description\":\"D\u00e9gustation de notre Malbec Vernissage dans les c\u00e9pages rouges rares dans la derni\u00e8re \u00e9dition du magazine Vinum.\",\"breadcrumb\":{\"@id\":\"https:\/\/grillette.ch\/degustation-vinum-cepages-rouges-rares-malbec-vernissage-2022\/#breadcrumb\"},\"inLanguage\":\"de\",\"potentialAction\":[{\"@type\":\"ReadAction\",\"target\":[\"https:\/\/grillette.ch\/degustation-vinum-cepages-rouges-rares-malbec-vernissage-2022\/\"]}]},{\"@type\":\"BreadcrumbList\",\"@id\":\"https:\/\/grillette.ch\/degustation-vinum-cepages-rouges-rares-malbec-vernissage-2022\/#breadcrumb\",\"itemListElement\":[{\"@type\":\"ListItem\",\"position\":1,\"name\":\"Accueil\",\"item\":\"https:\/\/grillette.ch\/de\/startseite\/\"},{\"@type\":\"ListItem\",\"position\":2,\"name\":\"Unser Malbec Vernissage 2022 erh\u00e4lt Top-Bewertung im VINUM-Magazin\"}]},{\"@type\":\"WebSite\",\"@id\":\"https:\/\/grillette.ch\/#website\",\"url\":\"https:\/\/grillette.ch\/\",\"name\":\"Grillette Domaine De Cressier\",\"description\":\"Les horlogers du vin\",\"publisher\":{\"@id\":\"https:\/\/grillette.ch\/#organization\"},\"potentialAction\":[{\"@type\":\"SearchAction\",\"target\":{\"@type\":\"EntryPoint\",\"urlTemplate\":\"https:\/\/grillette.ch\/?s={search_term_string}\"},\"query-input\":{\"@type\":\"PropertyValueSpecification\",\"valueRequired\":true,\"valueName\":\"search_term_string\"}}],\"inLanguage\":\"de\"},{\"@type\":\"Organization\",\"@id\":\"https:\/\/grillette.ch\/#organization\",\"name\":\"Grillette Domaine De Cressier\",\"url\":\"https:\/\/grillette.ch\/\",\"logo\":{\"@type\":\"ImageObject\",\"inLanguage\":\"de\",\"@id\":\"https:\/\/grillette.ch\/#\/schema\/logo\/image\/\",\"url\":\"https:\/\/grillette.ch\/wp-content\/uploads\/2020\/02\/cropped-Grillette-Horlogers-positif_R-2.jpg\",\"contentUrl\":\"https:\/\/grillette.ch\/wp-content\/uploads\/2020\/02\/cropped-Grillette-Horlogers-positif_R-2.jpg\",\"width\":1325,\"height\":415,\"caption\":\"Grillette Domaine De Cressier\"},\"image\":{\"@id\":\"https:\/\/grillette.ch\/#\/schema\/logo\/image\/\"},\"sameAs\":[\"https:\/\/www.instagram.com\/lagrillette\"]},{\"@type\":\"Person\",\"@id\":\"https:\/\/grillette.ch\/#\/schema\/person\/b284810a7caf29fcbe6c7b6370997c5d\",\"name\":\"Risse Marilyn\",\"image\":{\"@type\":\"ImageObject\",\"inLanguage\":\"de\",\"@id\":\"https:\/\/grillette.ch\/#\/schema\/person\/image\/\",\"url\":\"https:\/\/secure.gravatar.com\/avatar\/b51462810ea8c5e07cb5d4840e8cfdaa?s=96&d=mm&r=g\",\"contentUrl\":\"https:\/\/secure.gravatar.com\/avatar\/b51462810ea8c5e07cb5d4840e8cfdaa?s=96&d=mm&r=g\",\"caption\":\"Risse Marilyn\"},\"url\":\"https:\/\/grillette.ch\/de\/author\/infogrillette-ch\/\"}]}<\/script>\n<!-- \/ Yoast SEO plugin. -->","yoast_head_json":{"title":"Unser Malbec Vernissage 2022 erh\u00e4lt Top-Bewertung im VINUM-Magazin - Grillette Domaine De Cressier","description":"D\u00e9gustation de notre Malbec Vernissage dans les c\u00e9pages rouges rares dans la derni\u00e8re \u00e9dition du magazine Vinum.","robots":{"index":"index","follow":"follow","max-snippet":"max-snippet:-1","max-image-preview":"max-image-preview:large","max-video-preview":"max-video-preview:-1"},"canonical":"https:\/\/grillette.ch\/degustation-vinum-cepages-rouges-rares-malbec-vernissage-2022\/","og_locale":"de_DE","og_type":"article","og_title":"Unser Malbec Vernissage 2022 erh\u00e4lt Top-Bewertung im VINUM-Magazin - Grillette Domaine De Cressier","og_description":"D\u00e9gustation de notre Malbec Vernissage dans les c\u00e9pages rouges rares dans la derni\u00e8re \u00e9dition du magazine Vinum.","og_url":"https:\/\/grillette.ch\/degustation-vinum-cepages-rouges-rares-malbec-vernissage-2022\/","og_site_name":"Grillette Domaine De Cressier","article_published_time":"2025-06-03T07:16:56+00:00","author":"Risse Marilyn","twitter_card":"summary_large_image","twitter_misc":{"Verfasst von":"Risse Marilyn","Gesch\u00e4tzte Lesezeit":"1\u00a0Minute"},"schema":{"@context":"https:\/\/schema.org","@graph":[{"@type":"Article","@id":"https:\/\/grillette.ch\/degustation-vinum-cepages-rouges-rares-malbec-vernissage-2022\/#article","isPartOf":{"@id":"https:\/\/grillette.ch\/degustation-vinum-cepages-rouges-rares-malbec-vernissage-2022\/"},"author":{"name":"Risse Marilyn","@id":"https:\/\/grillette.ch\/#\/schema\/person\/b284810a7caf29fcbe6c7b6370997c5d"},"headline":"Unser Malbec Vernissage 2022 erh\u00e4lt Top-Bewertung im VINUM-Magazin","datePublished":"2025-06-03T07:16:56+00:00","dateModified":"2025-06-03T07:16:56+00:00","mainEntityOfPage":{"@id":"https:\/\/grillette.ch\/degustation-vinum-cepages-rouges-rares-malbec-vernissage-2022\/"},"wordCount":166,"publisher":{"@id":"https:\/\/grillette.ch\/#organization"},"articleSection":["Die neuesten Nachrichten aus dem Domaine.","Presse"],"inLanguage":"de"},{"@type":"WebPage","@id":"https:\/\/grillette.ch\/degustation-vinum-cepages-rouges-rares-malbec-vernissage-2022\/","url":"https:\/\/grillette.ch\/degustation-vinum-cepages-rouges-rares-malbec-vernissage-2022\/","name":"Unser Malbec Vernissage 2022 erh\u00e4lt Top-Bewertung im VINUM-Magazin - Grillette Domaine De Cressier","isPartOf":{"@id":"https:\/\/grillette.ch\/#website"},"datePublished":"2025-06-03T07:16:56+00:00","dateModified":"2025-06-03T07:16:56+00:00","description":"D\u00e9gustation de notre Malbec Vernissage dans les c\u00e9pages rouges rares dans la derni\u00e8re \u00e9dition du magazine Vinum.","breadcrumb":{"@id":"https:\/\/grillette.ch\/degustation-vinum-cepages-rouges-rares-malbec-vernissage-2022\/#breadcrumb"},"inLanguage":"de","potentialAction":[{"@type":"ReadAction","target":["https:\/\/grillette.ch\/degustation-vinum-cepages-rouges-rares-malbec-vernissage-2022\/"]}]},{"@type":"BreadcrumbList","@id":"https:\/\/grillette.ch\/degustation-vinum-cepages-rouges-rares-malbec-vernissage-2022\/#breadcrumb","itemListElement":[{"@type":"ListItem","position":1,"name":"Accueil","item":"https:\/\/grillette.ch\/de\/startseite\/"},{"@type":"ListItem","position":2,"name":"Unser Malbec Vernissage 2022 erh\u00e4lt Top-Bewertung im VINUM-Magazin"}]},{"@type":"WebSite","@id":"https:\/\/grillette.ch\/#website","url":"https:\/\/grillette.ch\/","name":"Grillette Domaine De Cressier","description":"Les horlogers du vin","publisher":{"@id":"https:\/\/grillette.ch\/#organization"},"potentialAction":[{"@type":"SearchAction","target":{"@type":"EntryPoint","urlTemplate":"https:\/\/grillette.ch\/?s={search_term_string}"},"query-input":{"@type":"PropertyValueSpecification","valueRequired":true,"valueName":"search_term_string"}}],"inLanguage":"de"},{"@type":"Organization","@id":"https:\/\/grillette.ch\/#organization","name":"Grillette Domaine De Cressier","url":"https:\/\/grillette.ch\/","logo":{"@type":"ImageObject","inLanguage":"de","@id":"https:\/\/grillette.ch\/#\/schema\/logo\/image\/","url":"https:\/\/grillette.ch\/wp-content\/uploads\/2020\/02\/cropped-Grillette-Horlogers-positif_R-2.jpg","contentUrl":"https:\/\/grillette.ch\/wp-content\/uploads\/2020\/02\/cropped-Grillette-Horlogers-positif_R-2.jpg","width":1325,"height":415,"caption":"Grillette Domaine De Cressier"},"image":{"@id":"https:\/\/grillette.ch\/#\/schema\/logo\/image\/"},"sameAs":["https:\/\/www.instagram.com\/lagrillette"]},{"@type":"Person","@id":"https:\/\/grillette.ch\/#\/schema\/person\/b284810a7caf29fcbe6c7b6370997c5d","name":"Risse Marilyn","image":{"@type":"ImageObject","inLanguage":"de","@id":"https:\/\/grillette.ch\/#\/schema\/person\/image\/","url":"https:\/\/secure.gravatar.com\/avatar\/b51462810ea8c5e07cb5d4840e8cfdaa?s=96&d=mm&r=g","contentUrl":"https:\/\/secure.gravatar.com\/avatar\/b51462810ea8c5e07cb5d4840e8cfdaa?s=96&d=mm&r=g","caption":"Risse Marilyn"},"url":"https:\/\/grillette.ch\/de\/author\/infogrillette-ch\/"}]}},"jetpack_sharing_enabled":true,"jetpack_featured_media_url":"","_links":{"self":[{"href":"https:\/\/grillette.ch\/de\/wp-json\/wp\/v2\/posts\/34320"}],"collection":[{"href":"https:\/\/grillette.ch\/de\/wp-json\/wp\/v2\/posts"}],"about":[{"href":"https:\/\/grillette.ch\/de\/wp-json\/wp\/v2\/types\/post"}],"author":[{"embeddable":true,"href":"https:\/\/grillette.ch\/de\/wp-json\/wp\/v2\/users\/1"}],"replies":[{"embeddable":true,"href":"https:\/\/grillette.ch\/de\/wp-json\/wp\/v2\/comments?post=34320"}],"version-history":[{"count":0,"href":"https:\/\/grillette.ch\/de\/wp-json\/wp\/v2\/posts\/34320\/revisions"}],"wp:attachment":[{"href":"https:\/\/grillette.ch\/de\/wp-json\/wp\/v2\/media?parent=34320"}],"wp:term":[{"taxonomy":"category","embeddable":true,"href":"https:\/\/grillette.ch\/de\/wp-json\/wp\/v2\/categories?post=34320"},{"taxonomy":"post_tag","embeddable":true,"href":"https:\/\/grillette.ch\/de\/wp-json\/wp\/v2\/tags?post=34320"}],"curies":[{"name":"wp","href":"https:\/\/api.w.org\/{rel}","templated":true}]}}